{"id":849,"date":"2020-02-08T16:20:58","date_gmt":"2020-02-08T16:20:58","guid":{"rendered":"http:\/\/www.umf-motorsport.de\/?p=849"},"modified":"2020-03-10T19:41:06","modified_gmt":"2020-03-10T19:41:06","slug":"aktuelles-plaene-und-fahrzeuge","status":"publish","type":"post","link":"https:\/\/www.umf-motorsport.de\/?p=849","title":{"rendered":"Aktuelles, Pl\u00e4ne und Fahrzeuge"},"content":{"rendered":"<p>Lange ist es her&#8230;<br \/>\nEs tut uns leid, dass erst jetzt wieder ein Beitrag folgt, aber das letzte Jahr war dann vollends sehr anstrengend und turbulent. Da ich jetzt auch gerade dabei bin die Homepage auf einen sauberen Stand zu bekommen dachte ich, dass wir uns auch hier mal wieder zu Wort melden k\u00f6nnen.<\/p>\n<p>News Rundstrecke:<br \/>\nAuf der Rundstrecke blieb es bei der einen Pistenclub-Veranstaltung am Hockenheimring. Leider waren sowohl die Zeit als auch das Geld doch recht knapp geworden, aber in diesem Jahr m\u00f6chten wir auch hier endlich angreifen k\u00f6nnen.<\/p>\n<p>News Slalom:<br \/>\nIch und mein Vater haben erneut die Anzahl unserer Slaloms steigern k\u00f6nnen und waren zumindest von der Teilnahme recht flei\u00dfig und gut unterwegs. Bei den Ergebnissen haperte es dann doch noch an der Qualit\u00e4t. Beginnend mit einigen L\u00e4ufen bereits in der H13 auf dem Dacia Logan Cup SD musste wir hier doch recht schnell erkennen, dass das Auto zwar sehr gut ist, aber mit 90 PS dann doch f\u00fcr ein so starkes Feld zu schwach ist. Trotzdem konnten wir hier einige Mittelfeldergebnisse erreichen. Gegen Ende der Saison und mit zunehmend schlechterem Wetter wurden dann unsere Ergebnisse immer besser, da wir dann auch ab dem Slalom in Schw\u00e4bisch Hall nicht mehr mit dem Polo in der F10 mitfahren konnten, da wir hier einen Getriebe-\/Differentialschaden erlitten haben. Da wir uns dann aber auf ein Fahrzeug (zumindest in der gleichen Klasse, genau genommen hatten wir alle drei unserer Dacia auch im Einsatz im Slalom) eingew\u00f6hnen konnten, fanden wir uns immer besser zurecht. Auch mein Vater kommt mit den Dacia doch deutlich besser zurecht, als mit dem Polo. Sein Abstand zu mir konnte er teilweise egalisieren, war auch mal besser, aber hatte auch mal 2-3 Sekunden R\u00fcckstand. Im Vergleich von den 5-8 Sekunden auf dem Polo aber dann doch eine deutliche Verbesserung. Im Oktober in Kronau konnte ich dann tats\u00e4chlich auch auf dem Dacia mein erstes Podestergebnis einfahren und Platz 3 erreichen. Mein Vater wurde ebenfalls beachtlicher f\u00fcnfter. Um den Fahrern der Klasse dann doch auch mal zeigen zu k\u00f6nnen, dass wenn man ein st\u00e4rkeres Auto f\u00e4hrt, dann auch mithalten kann, habe ich mich im Endlauf des WCV daf\u00fcr entschieden, dass ich mit dem Fiesta Cup antreten werde, der seither nur auf der Rundstrecke zum Einsatz gekommen war. Mit meinem Ergebnis von Platz 7 von 10 und mein Vater auf dem Dacia Platz 10 von 10 waren wir nat\u00fcrlich sehr unzufrieden. Trotzdem kann ich sicher behaupten, dass ich an diesem Tag mit 1,7 Sekunden R\u00fcckstand in der Gesamtzeit beider L\u00e4ufe auf Platz 1, dann doch sehr gut unterwegs war. Bedenkt man, dass es meine erste Fahrt mit dem Fiesta beim Slalom war und ich zwei mal den Start versaut habe, dann finde ich das Ergebnis doch ganz gut.<\/p>\n<p>Weitere Informationen findet ihr unter: <a href=\"http:\/\/www.schwaben-motorsport.de\">www.schwaben-motorsport.de<\/a><\/p>\n<p>Auf diese Saison haben wir uns dann daf\u00fcr Entschieden, den Fiesta und den Polo zu verkaufen. Der Fiesta hat bereits seinen neuen Besitzer gefunden, der Polo bleibt aber dann Stand 10.03.2020 doch in unserem Besitz und zumindest ich werde dann auf diesem in der Klasse F10 im Slalom versuchen anzugreifen.<\/p>\n","protected":false},"excerpt":{"rendered":"<p>Lange ist es her&#8230; Es tut uns leid, dass erst jetzt wieder ein Beitrag folgt, aber das letzte Jahr war [&hellip;]<\/p>\n","protected":false},"author":1,"featured_media":0,"comment_status":"open","ping_status":"closed","sticky":false,"template":"","format":"standard","meta":{"footnotes":""},"categories":[39],"tags":[],"class_list":["post-849","post","type-post","status-publish","format-standard","hentry","category-aus-dem-motorsport"],"_links":{"self":[{"href":"https:\/\/www.umf-motorsport.de\/index.php?rest_route=\/wp\/v2\/posts\/849","targetHints":{"allow":["GET"]}}],"collection":[{"href":"https:\/\/www.umf-motorsport.de\/index.php?rest_route=\/wp\/v2\/posts"}],"about":[{"href":"https:\/\/www.umf-motorsport.de\/index.php?rest_route=\/wp\/v2\/types\/post"}],"author":[{"embeddable":true,"href":"https:\/\/www.umf-motorsport.de\/index.php?rest_route=\/wp\/v2\/users\/1"}],"replies":[{"embeddable":true,"href":"https:\/\/www.umf-motorsport.de\/index.php?rest_route=%2Fwp%2Fv2%2Fcomments&post=849"}],"version-history":[{"count":4,"href":"https:\/\/www.umf-motorsport.de\/index.php?rest_route=\/wp\/v2\/posts\/849\/revisions"}],"predecessor-version":[{"id":982,"href":"https:\/\/www.umf-motorsport.de\/index.php?rest_route=\/wp\/v2\/posts\/849\/revisions\/982"}],"wp:attachment":[{"href":"https:\/\/www.umf-motorsport.de\/index.php?rest_route=%2Fwp%2Fv2%2Fmedia&parent=849"}],"wp:term":[{"taxonomy":"category","embeddable":true,"href":"https:\/\/www.umf-motorsport.de\/index.php?rest_route=%2Fwp%2Fv2%2Fcategories&post=849"},{"taxonomy":"post_tag","embeddable":true,"href":"https:\/\/www.umf-motorsport.de\/index.php?rest_route=%2Fwp%2Fv2%2Ftags&post=849"}],"curies":[{"name":"wp","href":"https:\/\/api.w.org\/{rel}","templated":true}]}}